{"id":69198,"date":"2026-09-03T07:43:30","date_gmt":"2026-09-03T07:43:30","guid":{"rendered":"https:\/\/welfarecoworking.com\/creatina-caida-del-pelo-ciencia\/"},"modified":"2026-09-03T07:43:30","modified_gmt":"2026-09-03T07:43:30","slug":"creatina-caida-del-pelo-ciencia","status":"publish","type":"post","link":"https:\/\/welfarecoworking.com\/ca\/creatina-caida-del-pelo-ciencia\/","title":{"rendered":"Creatina y ca\u00edda del pelo: qu\u00e9 dice la ciencia en 2026 (y de d\u00f3nde viene el mito)"},"content":{"rendered":"<p>Si entrenas fuerza y sigues cuentas de fitness, seguro que has visto el aviso: &#8220;la creatina sube la DHT, cuidado si tienes tendencia a quedarte calvo&#8221;. Es uno de los mitos m\u00e1s repetidos de las salas de musculaci\u00f3n, lleva circulando cerca de diecis\u00e9is a\u00f1os y en agosto de 2026 ha vuelto a la actualidad con fuerza a ra\u00edz de un ensayo cl\u00ednico que, por primera vez, midi\u00f3 de verdad lo que pasa con el pelo &#8212;no solo con la hormona&#8212; tras varios meses tomando creatina. Te contamos qu\u00e9 dec\u00eda el estudio original que empez\u00f3 todo, qu\u00e9 ha encontrado la ciencia reciente y, sobre todo, qu\u00e9 l\u00edmites tiene esa nueva evidencia para que saques tus propias conclusiones.<\/p>\n<h2>De d\u00f3nde viene el mito: un estudio de 2009 que nunca midi\u00f3 el pelo<\/h2>\n<p>El origen est\u00e1 en un trabajo publicado en 2009 en la revista <em>Clinical Journal of Sport Medicine<\/em> por <a href=\"https:\/\/doi.org\/10.1097\/JSM.0b013e3181b8b52f\" target=\"_blank\" rel=\"noopener noreferrer\">van der Merwe, Brooks y Myburgh<\/a>, realizado con un grupo peque\u00f1o de jugadores universitarios de rugby sudafricanos. Tras tres semanas de suplementaci\u00f3n con creatina monohidrato (con fase de carga), los niveles de dihidrotestosterona (DHT) &#8212;el andr\u00f3geno directamente implicado en la alopecia androgen\u00e9tica&#8212; subieron un 56&nbsp;% a los siete d\u00edas y se mantuvieron alrededor de un 40&nbsp;% por encima del valor inicial dos semanas despu\u00e9s, mientras que la testosterona total apenas cambi\u00f3.<\/p>\n<p>Hasta aqu\u00ed, el dato es real y est\u00e1 publicado en una revista revisada por pares. El problema es lo que pas\u00f3 despu\u00e9s en internet: aquel estudio analizaba solo sangre, nunca fol\u00edculos ni densidad capilar. Como recog\u00eda <a href=\"https:\/\/www.infobae.com\/salud\/ciencia\/2026\/08\/22\/creatina-y-calvicie-el-estudio-que-desmintio-un-mito-de-16-anos-en-los-gimnasios\/\" target=\"_blank\" rel=\"noopener noreferrer\">Infobae<\/a> citando al cirujano de restauraci\u00f3n capilar Ken Anderson (Emory University), &#8220;lo que el estudio realmente dec\u00eda era: &#8216;vimos que la DHT sub\u00eda&#8217;. Lo que la gente entendi\u00f3 fue: &#8216;la creatina hace que se caiga el pelo&#8217;&#8221;. Ese salto &#8212;de una hormona en sangre a una conclusi\u00f3n sobre calvicie&#8212; es el que ha sostenido el mito durante m\u00e1s de una d\u00e9cada sin que nadie comprobara si de verdad ocurr\u00eda.<\/p>\n<h2>Qu\u00e9 dice el ensayo de 2025: el primer estudio que s\u00ed midi\u00f3 el pelo<\/h2>\n<p>La novedad de este a\u00f1o es un ensayo cl\u00ednico aleatorizado publicado en la <em>Journal of the International Society of Sports Nutrition<\/em> (<a href=\"https:\/\/pubmed.ncbi.nlm.nih.gov\/40265319\/\" target=\"_blank\" rel=\"noopener noreferrer\">Lak et al., 2025<\/a>), la revista oficial de la ISSN, que por primera vez ha puesto a prueba la hip\u00f3tesis de manera directa. El equipo reclut\u00f3 a 45 hombres entrenados en fuerza, de entre 18 y 40 a\u00f1os, y los asign\u00f3 al azar a tomar 5 gramos diarios de creatina monohidrato o un placebo durante 12 semanas; 38 completaron el estudio hasta el final.<\/p>\n<p>Adem\u00e1s de medir testosterona total, testosterona libre y DHT en sangre al inicio y a las 12 semanas, los investigadores evaluaron directamente el estado del cabello con un tricograma y un sistema de an\u00e1lisis capilar FotoFinder, registrando densidad, n\u00famero de unidades foliculares y grosor acumulado del cabello. El resultado, en palabras de los propios autores: no hubo interacciones grupo-por-tiempo estad\u00edsticamente significativas en ninguna hormona ni en ning\u00fan par\u00e1metro capilar (p&nbsp;&gt;&nbsp;0,05). Ni el grupo de creatina mostr\u00f3 m\u00e1s DHT que el placebo, ni su pelo perdi\u00f3 densidad, grosor o fol\u00edculos de forma medible. Los autores concluyen que hay &#8220;evidencia s\u00f3lida en contra de la idea de que la creatina contribuye a la ca\u00edda del pelo&#8221;.<\/p>\n<p>Es un hallazgo relevante porque, hasta ahora, toda la conversaci\u00f3n sobre creatina y calvicie se apoyaba en un \u00fanico estudio de hormonas de hace diecis\u00e9is a\u00f1os, sin ning\u00fan dato real sobre el pelo. Este ensayo empieza a llenar ese vac\u00edo.<\/p>\n<h2>Por qu\u00e9 la DHT no siempre significa lo mismo para todo el mundo<\/h2>\n<p>El dermat\u00f3logo James Kilgour, tambi\u00e9n citado por Infobae, apunta a un matiz importante: la DHT elevada solo provoca ca\u00edda de pelo en personas gen\u00e9ticamente predispuestas a la alopecia androgen\u00e9tica, aquellas cuyos fol\u00edculos son sensibles a esta hormona por herencia. Adem\u00e1s, se\u00f1ala que existe una coincidencia de calendario que puede confundir causa y casualidad: la franja de edad en la que m\u00e1s se populariz\u00f3 tomar creatina (20-40 a\u00f1os) es, precisamente, la misma en la que suele empezar a manifestarse la calvicie de patr\u00f3n masculino en quienes ya la llevan en los genes. Es f\u00e1cil, por tanto, atribuir a un suplemento algo que iba a pasar de todos modos.<\/p>\n<h2>Las limitaciones que conviene no pasar por alto<\/h2>\n<p>Como con cualquier estudio nuevo, conviene mirarlo con la misma exigencia con la que miramos el de 2009. La <a href=\"https:\/\/www.americanhairloss.org\/creatine-and-hair-loss-what-the-latest-study-got-right-and-what-it-missed\/\" target=\"_blank\" rel=\"noopener noreferrer\">American Hair Loss Association<\/a> ha se\u00f1alado varios matices al valorar el ensayo de 2025:<\/p>\n<ul>\n<li><strong>Muestra peque\u00f1a:<\/strong> 38 participantes es un n\u00famero razonable para un ensayo piloto, pero limitado para descartar del todo un efecto real, sobre todo en un subgrupo concreto.<\/li>\n<li><strong>Sin cribado gen\u00e9tico:<\/strong> el estudio no seleccion\u00f3 ni clasific\u00f3 a los participantes seg\u00fan su predisposici\u00f3n gen\u00e9tica a la alopecia, que es justo el grupo en el que la hip\u00f3tesis tendr\u00eda m\u00e1s sentido biol\u00f3gico.<\/li>\n<li><strong>Metodolog\u00eda capilar cuestionada:<\/strong> el tricograma es una t\u00e9cnica m\u00e1s antigua que otras disponibles hoy, y el estudio no midi\u00f3 la actividad de la DHT directamente en el cuero cabelludo, que es donde ocurre realmente el proceso de la alopecia androgen\u00e9tica.<\/li>\n<li><strong>Sin ca\u00edda autopercibida:<\/strong> los participantes no reportaron si notaban m\u00e1s pelo en la almohada o en la ducha, un dato subjetivo pero relevante que el dise\u00f1o no recogi\u00f3.<\/li>\n<li><strong>Posible conflicto de inter\u00e9s:<\/strong> la propia asociaci\u00f3n recuerda que varios autores mantienen v\u00ednculos con la industria de los suplementos y que la revista es el \u00f3rgano oficial de una entidad (ISSN) que recibe financiaci\u00f3n de marcas del sector; esto no invalida los datos, pero conviene tenerlo presente al valorar el peso de las conclusiones.<\/li>\n<\/ul>\n<p>Por eso, la propia asociaci\u00f3n concluye que el estudio &#8220;no cierra por completo la pregunta&#8221; de si la creatina podr\u00eda acelerar la ca\u00edda del pelo en personas con predisposici\u00f3n gen\u00e9tica, y pide prudencia ante titulares que lo presenten como una prueba definitiva de seguridad total. Preferimos cont\u00e1rtelo as\u00ed, con matices, antes que venderte un titular que la ciencia todav\u00eda no puede firmar del todo.<\/p>\n<h2>No es el \u00fanico mito que rodea a la creatina<\/h2>\n<p>La ca\u00edda del pelo no es, ni de lejos, el \u00fanico bulo que ha perseguido a este suplemento. El miedo a que da\u00f1e el ri\u00f1\u00f3n o la idea de que solo sirve para culturistas son otros mitos que ya desmontamos con evidencia en nuestra gu\u00eda completa de la <a href=\"https:\/\/welfarecoworking.com\/ca\/creatina-monohidrato\/\">creatina monohidrato<\/a>: de hecho, es uno de los pocos suplementos con estudios de seguridad de hasta cinco a\u00f1os de uso continuado sin efectos adversos relevantes sobre la funci\u00f3n renal.<\/p>\n<h2>Entonces, \u00bfqu\u00e9 hago si me preocupa la ca\u00edda del pelo y tomo creatina?<\/h2>\n<p>Con la evidencia actual sobre la mesa, el resumen honesto es este: no hay datos que respalden que la creatina cause calvicie en poblaci\u00f3n general, y el primer estudio que ha medido el pelo directamente &#8212;no solo la hormona&#8212; no ha encontrado diferencias frente a placebo. Pero si tienes antecedentes familiares claros de alopecia androgen\u00e9tica y te preocupa especialmente, hablar con un dermat\u00f3logo antes de empezar (o mientras la tomas) sigue siendo la opci\u00f3n m\u00e1s sensata: no porque la ciencia diga que hay que evitarla, sino porque tu caso concreto &#8212;con tu gen\u00e9tica concreta&#8212; no estaba representado con detalle en ninguno de los dos estudios.<\/p>\n<p>Fuera de esta duda puntual, la creatina monohidrato sigue siendo uno de los suplementos con mejor perfil de seguridad y evidencia que existen: tienes toda la gu\u00eda de dosis, seguridad y c\u00f3mo tomarla en nuestro art\u00edculo sobre la <a href=\"https:\/\/welfarecoworking.com\/ca\/creatina-monohidrato\/\">creatina monohidrato<\/a>. Y si adem\u00e1s te interesa cuidar otros tejidos como la piel o el fol\u00edculo desde la nutrici\u00f3n, echa un vistazo a lo que dice la evidencia sobre el <a href=\"https:\/\/welfarecoworking.com\/ca\/colageno-para-tendones\/\">col\u00e1geno<\/a> y la <a href=\"https:\/\/welfarecoworking.com\/ca\/vitamina-d-y-musculo\/\">vitamina D<\/a>.<\/p>\n<h2>Preguntas frecuentes sobre creatina y ca\u00edda del pelo<\/h2>\n<h3>\u00bfEs verdad que la creatina sube la DHT?<\/h3>\n<p>El \u00fanico estudio que lo midi\u00f3 directamente, de 2009, encontr\u00f3 una subida de DHT en sangre en un grupo peque\u00f1o de jugadores de rugby. El ensayo de 2025, con una muestra algo mayor y 12 semanas de seguimiento, no encontr\u00f3 esa diferencia frente a placebo. Son resultados distintos y, de momento, no hay un tercer estudio que desempate con claridad.<\/p>\n<h3>\u00bfLa creatina provoca calvicie?<\/h3>\n<p>No hay evidencia directa de que lo haga en poblaci\u00f3n general. El primer estudio que ha medido de verdad par\u00e1metros capilares (densidad, fol\u00edculos, grosor) no encontr\u00f3 diferencias entre creatina y placebo tras 12 semanas.<\/p>\n<h3>\u00bfDebo dejar la creatina si tengo alopecia en la familia?<\/h3>\n<p>No es una indicaci\u00f3n autom\u00e1tica, pero si te preocupa, consulta con un dermat\u00f3logo: ni el estudio de 2009 ni el de 2025 se dise\u00f1aron espec\u00edficamente para personas con predisposici\u00f3n gen\u00e9tica a la alopecia androgen\u00e9tica.<\/p>\n<h3>\u00bfEs definitivo el estudio de 2025?<\/h3>\n<p>No del todo. Es el mejor dato disponible hasta ahora porque es el primero que mide el pelo directamente, pero su muestra es peque\u00f1a, no crib\u00f3 por gen\u00e9tica y algunos de sus autores tienen v\u00ednculos con la industria de los suplementos, seg\u00fan ha se\u00f1alado la American Hair Loss Association. Hacen falta estudios m\u00e1s grandes y con m\u00e1s a\u00f1os de seguimiento para cerrar la pregunta del todo.<\/p>\n<p>En <strong>Welfare<\/strong> preferimos este tipo de conclusiones con matices a los titulares de una sola frase. Si te genera dudas c\u00f3mo encaja la creatina en tu caso &#8212;con tu gen\u00e9tica, tu historial y tus objetivos&#8212; nuestro equipo de <a href=\"https:\/\/welfarecoworking.com\/ca\/entrenador-personal-ganar-musculo\/\">entrenadores y nutricionistas<\/a> puede ayudarte a decidir con criterio, no con miedo.<\/p>","protected":false},"excerpt":{"rendered":"<p>\u00bfLa creatina causa ca\u00edda del pelo? Un ensayo de 2025 con 38 hombres pone a prueba el mito de 16 a\u00f1os sobre creatina y DHT. Esto dice la ciencia en 2026.<\/p>","protected":false},"author":4,"featured_media":69197,"comment_status":"open","ping_status":"open","sticky":false,"template":"","format":"standard","meta":{"footnotes":""},"categories":[364,348],"tags":[502,500,501,358,437],"class_list":["post-69198","post","type-post","status-publish","format-standard","has-post-thumbnail","hentry","category-nutricion","category-training","tag-calvicie","tag-creatina","tag-dht","tag-nutricion","tag-suplementacion-deportiva"],"yoast_head":"<!-- This site is optimized with the Yoast SEO plugin v25.2 - https:\/\/yoast.com\/wordpress\/plugins\/seo\/ -->\n<title>Creatina y ca\u00edda del pelo: qu\u00e9 dice la ciencia en 2026 | Welfare<\/title>\n<meta name=\"description\" content=\"\u00bfLa creatina causa ca\u00edda del pelo? Un ensayo de 2025 con 38 hombres pone a prueba el mito de 16 a\u00f1os sobre creatina y DHT. Esto dice la ciencia.\" \/>\n<meta name=\"robots\" content=\"index, follow, max-snippet:-1, max-image-preview:large, max-video-preview:-1\" \/>\n<link rel=\"canonical\" href=\"https:\/\/welfarecoworking.com\/ca\/creatina-caida-del-pelo-ciencia\/\" \/>\n<meta property=\"og:locale\" content=\"ca_ES\" \/>\n<meta property=\"og:type\" content=\"article\" \/>\n<meta property=\"og:title\" content=\"Creatina y ca\u00edda del pelo: qu\u00e9 dice la ciencia en 2026 (y de d\u00f3nde viene el mito)\" \/>\n<meta property=\"og:description\" content=\"Un ensayo de 2025 mide por primera vez el pelo, no solo la DHT, en usuarios de creatina. Qu\u00e9 dice la ciencia sobre el mito de los 16 a\u00f1os, sus l\u00edmites y c\u00f3mo tomarla con criterio.\" \/>\n<meta property=\"og:url\" content=\"https:\/\/welfarecoworking.com\/ca\/creatina-caida-del-pelo-ciencia\/\" \/>\n<meta property=\"og:site_name\" content=\"Welfare\" \/>\n<meta property=\"article:publisher\" content=\"https:\/\/www.facebook.com\/profile.php?id=100064279053927\" \/>\n<meta property=\"article:published_time\" content=\"2026-09-03T07:43:30+00:00\" \/>\n<meta property=\"og:image\" content=\"https:\/\/welfarecoworking.com\/wp-content\/uploads\/2026\/09\/creatina-caida-del-pelo-mito.png\" \/>\n<meta name=\"author\" content=\"Jehiel\" \/>\n<meta name=\"twitter:card\" content=\"summary_large_image\" \/>\n<meta name=\"twitter:title\" content=\"Creatina y ca\u00edda del pelo: qu\u00e9 dice la ciencia en 2026\" \/>\n<meta name=\"twitter:description\" content=\"\u00bfLa creatina causa ca\u00edda del pelo? Un ensayo de 2025 con 38 hombres pone a prueba el mito de 16 a\u00f1os sobre creatina y DHT. Esto dice la ciencia.\" \/>\n<meta name=\"twitter:image\" content=\"https:\/\/welfarecoworking.com\/wp-content\/uploads\/2026\/09\/creatina-caida-del-pelo-mito.png\" \/>\n<meta name=\"twitter:label1\" content=\"Escrit per\" \/>\n\t<meta name=\"twitter:data1\" content=\"Jehiel\" \/>\n\t<meta name=\"twitter:label2\" content=\"Temps estimat de lectura\" \/>\n\t<meta name=\"twitter:data2\" content=\"8 minuts\" \/>\n<script type=\"application\/ld+json\" class=\"yoast-schema-graph\">{\"@context\":\"https:\/\/schema.org\",\"@graph\":[{\"@type\":\"Article\",\"@id\":\"https:\/\/welfarecoworking.com\/creatina-caida-del-pelo-ciencia\/#article\",\"isPartOf\":{\"@id\":\"https:\/\/welfarecoworking.com\/creatina-caida-del-pelo-ciencia\/\"},\"author\":{\"name\":\"Jehiel\",\"@id\":\"https:\/\/welfarecoworking.com\/#\/schema\/person\/b369e0258619d219012792911a8ab3b4\"},\"headline\":\"Creatina y ca\u00edda del pelo: qu\u00e9 dice la ciencia en 2026 (y de d\u00f3nde viene el mito)\",\"datePublished\":\"2026-09-03T07:43:30+00:00\",\"mainEntityOfPage\":{\"@id\":\"https:\/\/welfarecoworking.com\/creatina-caida-del-pelo-ciencia\/\"},\"wordCount\":1669,\"commentCount\":0,\"publisher\":{\"@id\":\"https:\/\/welfarecoworking.com\/#organization\"},\"image\":{\"@id\":\"https:\/\/welfarecoworking.com\/creatina-caida-del-pelo-ciencia\/#primaryimage\"},\"thumbnailUrl\":\"https:\/\/welfarecoworking.com\/wp-content\/uploads\/2026\/09\/creatina-caida-del-pelo-mito.png\",\"keywords\":[\"Calvicie\",\"Creatina\",\"DHT\",\"nutrici\u00f3n\",\"Suplementaci\u00f3n deportiva\"],\"articleSection\":[\"Nutrici\u00f3n\",\"Training\"],\"inLanguage\":\"ca\",\"potentialAction\":[{\"@type\":\"CommentAction\",\"name\":\"Comment\",\"target\":[\"https:\/\/welfarecoworking.com\/creatina-caida-del-pelo-ciencia\/#respond\"]}]},{\"@type\":\"WebPage\",\"@id\":\"https:\/\/welfarecoworking.com\/creatina-caida-del-pelo-ciencia\/\",\"url\":\"https:\/\/welfarecoworking.com\/creatina-caida-del-pelo-ciencia\/\",\"name\":\"Creatina y ca\u00edda del pelo: qu\u00e9 dice la ciencia en 2026 | Welfare\",\"isPartOf\":{\"@id\":\"https:\/\/welfarecoworking.com\/#website\"},\"primaryImageOfPage\":{\"@id\":\"https:\/\/welfarecoworking.com\/creatina-caida-del-pelo-ciencia\/#primaryimage\"},\"image\":{\"@id\":\"https:\/\/welfarecoworking.com\/creatina-caida-del-pelo-ciencia\/#primaryimage\"},\"thumbnailUrl\":\"https:\/\/welfarecoworking.com\/wp-content\/uploads\/2026\/09\/creatina-caida-del-pelo-mito.png\",\"datePublished\":\"2026-09-03T07:43:30+00:00\",\"description\":\"\u00bfLa creatina causa ca\u00edda del pelo? Un ensayo de 2025 con 38 hombres pone a prueba el mito de 16 a\u00f1os sobre creatina y DHT. Esto dice la ciencia.\",\"breadcrumb\":{\"@id\":\"https:\/\/welfarecoworking.com\/creatina-caida-del-pelo-ciencia\/#breadcrumb\"},\"inLanguage\":\"ca\",\"potentialAction\":[{\"@type\":\"ReadAction\",\"target\":[\"https:\/\/welfarecoworking.com\/creatina-caida-del-pelo-ciencia\/\"]}]},{\"@type\":\"ImageObject\",\"inLanguage\":\"ca\",\"@id\":\"https:\/\/welfarecoworking.com\/creatina-caida-del-pelo-ciencia\/#primaryimage\",\"url\":\"https:\/\/welfarecoworking.com\/wp-content\/uploads\/2026\/09\/creatina-caida-del-pelo-mito.png\",\"contentUrl\":\"https:\/\/welfarecoworking.com\/wp-content\/uploads\/2026\/09\/creatina-caida-del-pelo-mito.png\",\"width\":1024,\"height\":1024,\"caption\":\"Bote de creatina monohidrato en polvo con una cuchara dosificadora sobre una superficie de m\u00e1rmol claro\"},{\"@type\":\"BreadcrumbList\",\"@id\":\"https:\/\/welfarecoworking.com\/creatina-caida-del-pelo-ciencia\/#breadcrumb\",\"itemListElement\":[{\"@type\":\"ListItem\",\"position\":1,\"name\":\"Portada\",\"item\":\"https:\/\/welfarecoworking.com\/\"},{\"@type\":\"ListItem\",\"position\":2,\"name\":\"Creatina y ca\u00edda del pelo: qu\u00e9 dice la ciencia en 2026 (y de d\u00f3nde viene el mito)\"}]},{\"@type\":\"WebSite\",\"@id\":\"https:\/\/welfarecoworking.com\/#website\",\"url\":\"https:\/\/welfarecoworking.com\/\",\"name\":\"Welfare Coworking\",\"description\":\"Fitness Health Coworking\",\"publisher\":{\"@id\":\"https:\/\/welfarecoworking.com\/#organization\"},\"potentialAction\":[{\"@type\":\"SearchAction\",\"target\":{\"@type\":\"EntryPoint\",\"urlTemplate\":\"https:\/\/welfarecoworking.com\/?s={search_term_string}\"},\"query-input\":{\"@type\":\"PropertyValueSpecification\",\"valueRequired\":true,\"valueName\":\"search_term_string\"}}],\"inLanguage\":\"ca\"},{\"@type\":\"Organization\",\"@id\":\"https:\/\/welfarecoworking.com\/#organization\",\"name\":\"Welfare Coworking\",\"url\":\"https:\/\/welfarecoworking.com\/\",\"logo\":{\"@type\":\"ImageObject\",\"inLanguage\":\"ca\",\"@id\":\"https:\/\/welfarecoworking.com\/#\/schema\/logo\/image\/\",\"url\":\"https:\/\/welfarecoworking.com\/wp-content\/uploads\/2025\/03\/cropped-favicon-1.png\",\"contentUrl\":\"https:\/\/welfarecoworking.com\/wp-content\/uploads\/2025\/03\/cropped-favicon-1.png\",\"width\":93,\"height\":77,\"caption\":\"Welfare Coworking\"},\"image\":{\"@id\":\"https:\/\/welfarecoworking.com\/#\/schema\/logo\/image\/\"},\"sameAs\":[\"https:\/\/www.facebook.com\/profile.php?id=100064279053927\"],\"telephone\":\"+34699686839\",\"email\":\"info@welfarecoworking.com\"},{\"@type\":\"Person\",\"@id\":\"https:\/\/welfarecoworking.com\/#\/schema\/person\/b369e0258619d219012792911a8ab3b4\",\"name\":\"Jehiel\",\"image\":{\"@type\":\"ImageObject\",\"inLanguage\":\"ca\",\"@id\":\"https:\/\/welfarecoworking.com\/#\/schema\/person\/image\/\",\"url\":\"https:\/\/secure.gravatar.com\/avatar\/ab228b07d3eda998ca37211db4adf6f4?s=96&d=mm&r=g\",\"contentUrl\":\"https:\/\/secure.gravatar.com\/avatar\/ab228b07d3eda998ca37211db4adf6f4?s=96&d=mm&r=g\",\"caption\":\"Jehiel\"}}]}<\/script>\n<!-- \/ Yoast SEO plugin. -->","yoast_head_json":{"title":"Creatina y ca\u00edda del pelo: qu\u00e9 dice la ciencia en 2026 | Welfare","description":"\u00bfLa creatina causa ca\u00edda del pelo? Un ensayo de 2025 con 38 hombres pone a prueba el mito de 16 a\u00f1os sobre creatina y DHT. Esto dice la ciencia.","robots":{"index":"index","follow":"follow","max-snippet":"max-snippet:-1","max-image-preview":"max-image-preview:large","max-video-preview":"max-video-preview:-1"},"canonical":"https:\/\/welfarecoworking.com\/ca\/creatina-caida-del-pelo-ciencia\/","og_locale":"ca_ES","og_type":"article","og_title":"Creatina y ca\u00edda del pelo: qu\u00e9 dice la ciencia en 2026 (y de d\u00f3nde viene el mito)","og_description":"Un ensayo de 2025 mide por primera vez el pelo, no solo la DHT, en usuarios de creatina. Qu\u00e9 dice la ciencia sobre el mito de los 16 a\u00f1os, sus l\u00edmites y c\u00f3mo tomarla con criterio.","og_url":"https:\/\/welfarecoworking.com\/ca\/creatina-caida-del-pelo-ciencia\/","og_site_name":"Welfare","article_publisher":"https:\/\/www.facebook.com\/profile.php?id=100064279053927","article_published_time":"2026-09-03T07:43:30+00:00","og_image":[{"url":"https:\/\/welfarecoworking.com\/wp-content\/uploads\/2026\/09\/creatina-caida-del-pelo-mito.png","type":"","width":"","height":""}],"author":"Jehiel","twitter_card":"summary_large_image","twitter_title":"Creatina y ca\u00edda del pelo: qu\u00e9 dice la ciencia en 2026","twitter_description":"\u00bfLa creatina causa ca\u00edda del pelo? Un ensayo de 2025 con 38 hombres pone a prueba el mito de 16 a\u00f1os sobre creatina y DHT. Esto dice la ciencia.","twitter_image":"https:\/\/welfarecoworking.com\/wp-content\/uploads\/2026\/09\/creatina-caida-del-pelo-mito.png","twitter_misc":{"Escrit per":"Jehiel","Temps estimat de lectura":"8 minuts"},"schema":{"@context":"https:\/\/schema.org","@graph":[{"@type":"Article","@id":"https:\/\/welfarecoworking.com\/creatina-caida-del-pelo-ciencia\/#article","isPartOf":{"@id":"https:\/\/welfarecoworking.com\/creatina-caida-del-pelo-ciencia\/"},"author":{"name":"Jehiel","@id":"https:\/\/welfarecoworking.com\/#\/schema\/person\/b369e0258619d219012792911a8ab3b4"},"headline":"Creatina y ca\u00edda del pelo: qu\u00e9 dice la ciencia en 2026 (y de d\u00f3nde viene el mito)","datePublished":"2026-09-03T07:43:30+00:00","mainEntityOfPage":{"@id":"https:\/\/welfarecoworking.com\/creatina-caida-del-pelo-ciencia\/"},"wordCount":1669,"commentCount":0,"publisher":{"@id":"https:\/\/welfarecoworking.com\/#organization"},"image":{"@id":"https:\/\/welfarecoworking.com\/creatina-caida-del-pelo-ciencia\/#primaryimage"},"thumbnailUrl":"https:\/\/welfarecoworking.com\/wp-content\/uploads\/2026\/09\/creatina-caida-del-pelo-mito.png","keywords":["Calvicie","Creatina","DHT","nutrici\u00f3n","Suplementaci\u00f3n deportiva"],"articleSection":["Nutrici\u00f3n","Training"],"inLanguage":"ca","potentialAction":[{"@type":"CommentAction","name":"Comment","target":["https:\/\/welfarecoworking.com\/creatina-caida-del-pelo-ciencia\/#respond"]}]},{"@type":"WebPage","@id":"https:\/\/welfarecoworking.com\/creatina-caida-del-pelo-ciencia\/","url":"https:\/\/welfarecoworking.com\/creatina-caida-del-pelo-ciencia\/","name":"Creatina y ca\u00edda del pelo: qu\u00e9 dice la ciencia en 2026 | Welfare","isPartOf":{"@id":"https:\/\/welfarecoworking.com\/#website"},"primaryImageOfPage":{"@id":"https:\/\/welfarecoworking.com\/creatina-caida-del-pelo-ciencia\/#primaryimage"},"image":{"@id":"https:\/\/welfarecoworking.com\/creatina-caida-del-pelo-ciencia\/#primaryimage"},"thumbnailUrl":"https:\/\/welfarecoworking.com\/wp-content\/uploads\/2026\/09\/creatina-caida-del-pelo-mito.png","datePublished":"2026-09-03T07:43:30+00:00","description":"\u00bfLa creatina causa ca\u00edda del pelo? Un ensayo de 2025 con 38 hombres pone a prueba el mito de 16 a\u00f1os sobre creatina y DHT. Esto dice la ciencia.","breadcrumb":{"@id":"https:\/\/welfarecoworking.com\/creatina-caida-del-pelo-ciencia\/#breadcrumb"},"inLanguage":"ca","potentialAction":[{"@type":"ReadAction","target":["https:\/\/welfarecoworking.com\/creatina-caida-del-pelo-ciencia\/"]}]},{"@type":"ImageObject","inLanguage":"ca","@id":"https:\/\/welfarecoworking.com\/creatina-caida-del-pelo-ciencia\/#primaryimage","url":"https:\/\/welfarecoworking.com\/wp-content\/uploads\/2026\/09\/creatina-caida-del-pelo-mito.png","contentUrl":"https:\/\/welfarecoworking.com\/wp-content\/uploads\/2026\/09\/creatina-caida-del-pelo-mito.png","width":1024,"height":1024,"caption":"Bote de creatina monohidrato en polvo con una cuchara dosificadora sobre una superficie de m\u00e1rmol claro"},{"@type":"BreadcrumbList","@id":"https:\/\/welfarecoworking.com\/creatina-caida-del-pelo-ciencia\/#breadcrumb","itemListElement":[{"@type":"ListItem","position":1,"name":"Portada","item":"https:\/\/welfarecoworking.com\/"},{"@type":"ListItem","position":2,"name":"Creatina y ca\u00edda del pelo: qu\u00e9 dice la ciencia en 2026 (y de d\u00f3nde viene el mito)"}]},{"@type":"WebSite","@id":"https:\/\/welfarecoworking.com\/#website","url":"https:\/\/welfarecoworking.com\/","name":"Welfare Coworking","description":"Fitness Health Coworking","publisher":{"@id":"https:\/\/welfarecoworking.com\/#organization"},"potentialAction":[{"@type":"SearchAction","target":{"@type":"EntryPoint","urlTemplate":"https:\/\/welfarecoworking.com\/?s={search_term_string}"},"query-input":{"@type":"PropertyValueSpecification","valueRequired":true,"valueName":"search_term_string"}}],"inLanguage":"ca"},{"@type":"Organization","@id":"https:\/\/welfarecoworking.com\/#organization","name":"Welfare Coworking","url":"https:\/\/welfarecoworking.com\/","logo":{"@type":"ImageObject","inLanguage":"ca","@id":"https:\/\/welfarecoworking.com\/#\/schema\/logo\/image\/","url":"https:\/\/welfarecoworking.com\/wp-content\/uploads\/2025\/03\/cropped-favicon-1.png","contentUrl":"https:\/\/welfarecoworking.com\/wp-content\/uploads\/2025\/03\/cropped-favicon-1.png","width":93,"height":77,"caption":"Welfare Coworking"},"image":{"@id":"https:\/\/welfarecoworking.com\/#\/schema\/logo\/image\/"},"sameAs":["https:\/\/www.facebook.com\/profile.php?id=100064279053927"],"telephone":"+34699686839","email":"info@welfarecoworking.com"},{"@type":"Person","@id":"https:\/\/welfarecoworking.com\/#\/schema\/person\/b369e0258619d219012792911a8ab3b4","name":"Jehiel","image":{"@type":"ImageObject","inLanguage":"ca","@id":"https:\/\/welfarecoworking.com\/#\/schema\/person\/image\/","url":"https:\/\/secure.gravatar.com\/avatar\/ab228b07d3eda998ca37211db4adf6f4?s=96&d=mm&r=g","contentUrl":"https:\/\/secure.gravatar.com\/avatar\/ab228b07d3eda998ca37211db4adf6f4?s=96&d=mm&r=g","caption":"Jehiel"}}]}},"_links":{"self":[{"href":"https:\/\/welfarecoworking.com\/ca\/wp-json\/wp\/v2\/posts\/69198","targetHints":{"allow":["GET"]}}],"collection":[{"href":"https:\/\/welfarecoworking.com\/ca\/wp-json\/wp\/v2\/posts"}],"about":[{"href":"https:\/\/welfarecoworking.com\/ca\/wp-json\/wp\/v2\/types\/post"}],"author":[{"embeddable":true,"href":"https:\/\/welfarecoworking.com\/ca\/wp-json\/wp\/v2\/users\/4"}],"replies":[{"embeddable":true,"href":"https:\/\/welfarecoworking.com\/ca\/wp-json\/wp\/v2\/comments?post=69198"}],"version-history":[{"count":0,"href":"https:\/\/welfarecoworking.com\/ca\/wp-json\/wp\/v2\/posts\/69198\/revisions"}],"wp:featuredmedia":[{"embeddable":true,"href":"https:\/\/welfarecoworking.com\/ca\/wp-json\/wp\/v2\/media\/69197"}],"wp:attachment":[{"href":"https:\/\/welfarecoworking.com\/ca\/wp-json\/wp\/v2\/media?parent=69198"}],"wp:term":[{"taxonomy":"category","embeddable":true,"href":"https:\/\/welfarecoworking.com\/ca\/wp-json\/wp\/v2\/categories?post=69198"},{"taxonomy":"post_tag","embeddable":true,"href":"https:\/\/welfarecoworking.com\/ca\/wp-json\/wp\/v2\/tags?post=69198"}],"curies":[{"name":"wp","href":"https:\/\/api.w.org\/{rel}","templated":true}]}}