{"id":69210,"date":"2026-09-06T07:44:07","date_gmt":"2026-09-06T07:44:07","guid":{"rendered":"https:\/\/welfarecoworking.com\/?p=69210"},"modified":"2026-09-06T07:44:07","modified_gmt":"2026-09-06T07:44:07","slug":"creatina-cerebro-que-dice-la-ciencia","status":"publish","type":"post","link":"https:\/\/welfarecoworking.com\/ca\/creatina-cerebro-que-dice-la-ciencia\/","title":{"rendered":"Creatina y cerebro: qu\u00e9 dice la ciencia en 2026 sobre memoria, sue\u00f1o y \u00e1nimo"},"content":{"rendered":"<figure class=\"wp-block-image size-large\"><img decoding=\"async\" src=\"https:\/\/welfarecoworking.com\/wp-content\/uploads\/2026\/09\/creatina-cerebro-ciencia.png\" alt=\"Ilustraci\u00f3n anat\u00f3mica del cerebro humano, el \u00f3rgano que tambi\u00e9n almacena fosfocreatina y usa el sistema ATP-PCr\"\/><figcaption>El cerebro tambi\u00e9n fabrica y almacena fosfocreatina como reserva de energ\u00eda r\u00e1pida. Imagen: <a href=\"https:\/\/commons.wikimedia.org\/wiki\/File:Blausen_0101_Brain_LateralView.png\" target=\"_blank\" rel=\"noopener nofollow\">Blausen.com staff \/ Wikimedia Commons<\/a> (CC BY 3.0)<\/figcaption><\/figure>\n<p>Cuando hablamos de <strong>creatina<\/strong> en Welfare, casi siempre acabamos hablando de sentadillas, series al fallo y kilos en la barra. Pero en los \u00faltimos meses la conversaci\u00f3n ha cambiado de sitio: de la sala de musculaci\u00f3n a los laboratorios de neurociencia. En nuestra <a href=\"https:\/\/welfarecoworking.com\/ca\/creatina-monohidrato\/\">gu\u00eda completa de creatina monohidrato<\/a> ya avis\u00e1bamos de que el terreno cerebral era &#8220;m\u00e1s joven&#8221; que el muscular y que merec\u00eda la pena seguirlo de cerca. Pues bien, 2026 ha tra\u00eddo justo eso: un ensayo nuevo sobre privaci\u00f3n de sue\u00f1o, una revisi\u00f3n sobre el envejecimiento y un metaan\u00e1lisis sobre depresi\u00f3n que, entre los tres, dibujan un panorama mucho m\u00e1s matizado de lo que sugieren algunos titulares. Vamos a repasarlo con calma, estudio por estudio, para que saques tus propias conclusiones con la evidencia delante y no con un titular suelto.<\/p>\n<h2>\u00bfPor qu\u00e9 deber\u00eda importarle la creatina a tu cerebro?<\/h2>\n<p>La raz\u00f3n biol\u00f3gica no es nueva ni es marketing: el cerebro, igual que el m\u00fasculo, usa el sistema fosfocreatina-ATP para generar energ\u00eda r\u00e1pida cuando la demanda sube de golpe, ya sea por un esfuerzo f\u00edsico intenso o por un esfuerzo mental sostenido. Cuando el suministro de energ\u00eda celular escasea &#8212;por falta de sue\u00f1o, por estr\u00e9s, por una dieta pobre en precursores de creatina como la que siguen las personas vegetarianas&#8212; la teor\u00eda plantea que rellenar esos dep\u00f3sitos podr\u00eda ayudar a sostener el rendimiento cognitivo. Es la misma l\u00f3gica energ\u00e9tica que explicamos al hablar de la <a href=\"https:\/\/welfarecoworking.com\/ca\/salud-mitocondrial-ejercicio-dieta\/\">salud mitocondrial<\/a>, solo que aplicada al \u00f3rgano que m\u00e1s energ\u00eda consume por gramo de tejido de todo el cuerpo.<\/p>\n<p>Dicho esto, una cosa es la teor\u00eda y otra muy distinta demostrarlo en personas reales. Y ah\u00ed es donde entran los estudios.<\/p>\n<h2>El ensayo de 2026 que ha reavivado el debate: una sola dosis, una noche sin dormir<\/h2>\n<p>El trabajo m\u00e1s reciente y probablemente el que m\u00e1s ha circulado este a\u00f1o es un <a href=\"https:\/\/www.mdpi.com\/2072-6643\/18\/8\/1192\" target=\"_blank\" rel=\"noopener\">ensayo aleatorizado, doble ciego y cruzado publicado en abril de 2026 en la revista <em>Nutrients<\/em><\/a>. El dise\u00f1o es sencillo: 29 personas sanas (17 mujeres, 9 de ellas vegetarianas, edad media de 27 a\u00f1os) recibieron una dosis \u00fanica de creatina monohidrato (0,2 g\/kg) o placebo, y luego se les someti\u00f3 a una noche completa de privaci\u00f3n de sue\u00f1o mientras se med\u00eda su rendimiento en tareas l\u00f3gicas, num\u00e9ricas, de velocidad de procesamiento del lenguaje y de vigilancia psicomotora.<\/p>\n<p>El resultado: la creatina atenu\u00f3 parte del deterioro cognitivo t\u00edpico de no dormir, sobre todo en tareas de l\u00f3gica y velocidad de procesamiento, y el efecto fue m\u00e1s marcado en mujeres que en hombres. Es una r\u00e9plica, con una dosis m\u00e1s baja, de un hallazgo similar publicado en 2024 en <a href=\"https:\/\/www.nature.com\/articles\/s41598-024-54249-9\" target=\"_blank\" rel=\"noopener\">Scientific Reports<\/a>, que ya hab\u00eda encontrado mejoras temporales con una dosis \u00fanica m\u00e1s alta (0,35 g\/kg) bajo privaci\u00f3n de sue\u00f1o. Que dos ensayos independientes apunten en la misma direcci\u00f3n es una buena se\u00f1al, pero conviene no perder de vista las limitaciones que los propios autores del estudio de 2026 reconocen: una muestra peque\u00f1a, ninguna medici\u00f3n directa de los niveles de creatina en el cerebro y una poblaci\u00f3n limitada a adultos j\u00f3venes.<\/p>\n<h2>Lo que dice la revisi\u00f3n de referencia: memoria y velocidad, s\u00ed; funci\u00f3n ejecutiva, no est\u00e1 tan claro<\/h2>\n<p>Un solo ensayo, por prometedor que sea, no es evidencia s\u00f3lida por s\u00ed mismo &#8212;y en Welfare preferimos no venderte titulares con una sola fuente detr\u00e1s&#8212;. Para eso existen los metaan\u00e1lisis, que agrupan varios estudios y buscan el patr\u00f3n de fondo. El m\u00e1s citado en este terreno es una <a href=\"https:\/\/www.frontiersin.org\/journals\/nutrition\/articles\/10.3389\/fnut.2024.1424972\/full\" target=\"_blank\" rel=\"noopener\">revisi\u00f3n sistem\u00e1tica publicada en <em>Frontiers in Nutrition<\/em> en julio de 2024<\/a>, que reuni\u00f3 16 ensayos controlados aleatorizados con 492 participantes de entre 20 y 76 a\u00f1os.<\/p>\n<p>Sus hallazgos, con matices:<\/p>\n<ul>\n<li><strong>Memoria:<\/strong> mejora estad\u00edsticamente significativa (SMD = 0,31).<\/li>\n<li><strong>Velocidad de procesamiento:<\/strong> mejora significativa (SMD = -0,51).<\/li>\n<li><strong>Tiempo de atenci\u00f3n:<\/strong> mejora significativa, aunque m\u00e1s modesta (SMD = -0,31).<\/li>\n<li><strong>Funci\u00f3n cognitiva general y funci\u00f3n ejecutiva:<\/strong> sin mejoras significativas.<\/li>\n<\/ul>\n<p>Un dato interesante para quien busca resultados r\u00e1pidos: el an\u00e1lisis no encontr\u00f3 diferencias claras entre tomarla pocas semanas o hasta 18 meses, y el beneficio fue mayor en personas con alguna condici\u00f3n de salud de base que en poblaci\u00f3n sana, as\u00ed como en adultos de 18 a 60 a\u00f1os frente a mayores de 60. Es decir, el efecto existe, pero es selectivo por dominio cognitivo y por perfil de la persona, no un empuj\u00f3n general de &#8220;m\u00e1s inteligencia&#8221;.<\/p>\n<h2>\u00bfY en personas mayores? La evidencia es prometedora pero floja<\/h2>\n<p>Ya que hablamos de edad, merece un apartado propio. Una <a href=\"https:\/\/academic.oup.com\/nutritionreviews\/advance-article\/doi\/10.1093\/nutrit\/nuaf135\/8253584\" target=\"_blank\" rel=\"noopener\">revisi\u00f3n publicada en septiembre de 2025 en <em>Nutrition Reviews<\/em><\/a> analiz\u00f3 espec\u00edficamente el v\u00ednculo entre creatina y cognici\u00f3n en adultos mayores de 55 a\u00f1os, con seis estudios y 1.542 participantes en total. Cinco de los seis encontraron una relaci\u00f3n positiva, principalmente en memoria y atenci\u00f3n.<\/p>\n<p>Ahora bien, antes de emocionarte demasiado: la propia revisi\u00f3n reconoce que la mitad de esos estudios ten\u00eda una calidad metodol\u00f3gica &#8220;deficiente&#8221;, que la mayor\u00eda eran dise\u00f1os transversales incapaces de establecer causalidad y que la heterogeneidad entre protocolos era tan alta que ni siquiera pudo calcularse un metaan\u00e1lisis conjunto. Los propios autores piden ensayos cl\u00ednicos m\u00e1s largos y rigurosos, con medici\u00f3n objetiva de biomarcadores, antes de convertir esto en una recomendaci\u00f3n firme para mayores de 55 a\u00f1os. Si te interesa el envejecimiento activo en general, lo hemos tratado tambi\u00e9n al hablar de la <a href=\"https:\/\/welfarecoworking.com\/ca\/sarcopenia\/\">sarcopenia<\/a> y de la <a href=\"https:\/\/welfarecoworking.com\/ca\/fuerza-de-agarre-longevidad\/\">fuerza de agarre como predictor de longevidad<\/a>.<\/p>\n<h2>\u00bfSirve la creatina para la depresi\u00f3n? Aqu\u00ed la ciencia pisa el freno<\/h2>\n<p>Es probablemente el \u00e1ngulo que m\u00e1s expectaci\u00f3n ha generado &#8212;y donde m\u00e1s hay que frenar el entusiasmo&#8212;. Un <a href=\"https:\/\/www.cambridge.org\/core\/journals\/british-journal-of-nutrition\/article\/abs\/creatine-supplementation-for-treating-symptoms-of-depression-a-systematic-review-and-metaanalysis\/32402D649A44771955050ED518B6E564\" target=\"_blank\" rel=\"noopener\">metaan\u00e1lisis publicado en noviembre de 2025 en el <em>British Journal of Nutrition<\/em><\/a> revis\u00f3 558 registros y seleccion\u00f3 11 ensayos controlados aleatorizados sobre creatina como complemento en el tratamiento de la depresi\u00f3n.<\/p>\n<p>El titular honesto es este: s\u00ed encontraron una reducci\u00f3n estad\u00edsticamente significativa de los s\u00edntomas depresivos, pero fue peque\u00f1a &#8212;alrededor de 2,2 puntos en las escalas habituales&#8212;, por debajo del umbral que se considera cl\u00ednicamente relevante. Y hay un detalle que cambia bastante la lectura: el efecto positivo proced\u00eda \u00fanicamente de los estudios con mayor riesgo de sesgo, mientras que los ensayos de mejor calidad metodol\u00f3gica mostraron un efecto nulo. Los propios autores califican la evidencia global de &#8220;muy baja calidad&#8221; por la heterogeneidad entre estudios y un probable sesgo de publicaci\u00f3n. Traducido: no hay base s\u00f3lida todav\u00eda para recomendar creatina como tratamiento de la depresi\u00f3n, y cualquier titular que lo afirme sin matices se est\u00e1 adelantando a la ciencia.<\/p>\n<h2>El l\u00edmite biol\u00f3gico que nadie deber\u00eda pasar por alto<\/h2>\n<p>Hay una raz\u00f3n fisiol\u00f3gica por la que todos estos efectos son modestos y no una revoluci\u00f3n: la barrera hematoencef\u00e1lica. Este filtro protector limita de forma notable cu\u00e1nta creatina llega realmente al cerebro desde la sangre, algo que ya recog\u00edamos de pasada en nuestro an\u00e1lisis sobre <a href=\"https:\/\/welfarecoworking.com\/ca\/creatina-caida-del-pelo-ciencia\/\">creatina y ca\u00edda del pelo<\/a> al hablar de c\u00f3mo la evidencia sobre este suplemento exige siempre revisar el mecanismo, no solo el titular. Seg\u00fan recog\u00eda en mayo de 2026 el medio <a href=\"https:\/\/www.infobae.com\/salud\/2026\/05\/13\/mitos-y-verdades-sobre-el-impacto-de-la-creatina-en-el-cerebro-que-dicen-los-estudios-mas-recientes\/\" target=\"_blank\" rel=\"noopener\">Infobae<\/a> citando a especialistas de UCLA Health, los efectos sobre el rendimiento cognitivo en personas sanas &#8220;suelen ser peque\u00f1os&#8221; y dif\u00edciles de generalizar, precisamente por esta barrera. Quien m\u00e1s podr\u00eda notar algo, seg\u00fan los datos disponibles, son personas con un d\u00e9ficit energ\u00e9tico previo: gente que duerme mal, dietas vegetarianas con menor ingesta natural de creatina, adultos mayores o momentos de estr\u00e9s fisiol\u00f3gico alto.<\/p>\n<h2>Entonces, \u00bfmerece la pena tomarla pensando en el cerebro?<\/h2>\n<p>Con la evidencia de 2026 sobre la mesa, nuestra lectura en Welfare es la misma que aplicamos a cualquier suplemento: ni lo vendemos como milagro ni lo descartamos sin mirar los datos. Si ya tomas creatina monohidrato por sus beneficios musculares &#8212;de largo, los mejor demostrados&#8212; es razonable pensar que tambi\u00e9n puede echarte una mano en un d\u00eda de sue\u00f1o corto o en \u00e9pocas de m\u00e1s carga mental, sin que eso sea el motivo principal para empezar a tomarla. Si lo que buscas es exclusivamente el efecto cognitivo, la evidencia todav\u00eda es demasiado joven, con muestras peque\u00f1as y resultados que no siempre se replican, como para justificar el suplemento solo por eso.<\/p>\n<p>Lo que s\u00ed es seguro, en cualquier caso, es la dosis: los mismos 3-5 gramos diarios de mantenimiento que recomendamos en nuestra <a href=\"https:\/\/welfarecoworking.com\/ca\/creatina-monohidrato\/\">gu\u00eda de creatina monohidrato<\/a> son los que se han usado en la mayor\u00eda de estos estudios de cognici\u00f3n a largo plazo, as\u00ed que no necesitas ning\u00fan protocolo especial ni &#8220;creatina para el cerebro&#8221; de marketing. Y si lo que de verdad te preocupa es rendir mejor mentalmente, no lo olvides: nada de esto sustituye a dormir las horas que tu cuerpo necesita, algo que desarrollamos en profundidad en <a href=\"https:\/\/welfarecoworking.com\/ca\/dormir-para-ganar-musculo\/\">dormir para ganar m\u00fasculo<\/a>.<\/p>\n<h2>Preguntas frecuentes sobre creatina y cerebro<\/h2>\n<h3>\u00bfLa creatina mejora la memoria de verdad?<\/h3>\n<p>Un metaan\u00e1lisis de 2024 con 492 participantes encontr\u00f3 una mejora estad\u00edsticamente significativa en memoria y velocidad de procesamiento, aunque el tama\u00f1o del efecto es moderado y no se observaron mejoras en funci\u00f3n ejecutiva o cognici\u00f3n general.<\/p>\n<h3>\u00bfSirve la creatina si duermo poco?<\/h3>\n<p>Es el escenario donde m\u00e1s evidencia positiva hay hasta ahora: dos ensayos independientes (2024 y 2026) encontraron que una dosis \u00fanica de creatina atenuaba parte del deterioro cognitivo asociado a una noche de privaci\u00f3n de sue\u00f1o, con muestras todav\u00eda peque\u00f1as.<\/p>\n<h3>\u00bfLa creatina puede tratar la depresi\u00f3n?<\/h3>\n<p>Un metaan\u00e1lisis de 2025 con 11 ensayos encontr\u00f3 una reducci\u00f3n de s\u00edntomas depresivos estad\u00edsticamente significativa pero cl\u00ednicamente peque\u00f1a, y calific\u00f3 la evidencia de &#8220;muy baja calidad&#8221;. No hay base suficiente para recomendarla como tratamiento.<\/p>\n<h3>\u00bfQu\u00e9 dosis se ha usado en los estudios sobre el cerebro?<\/h3>\n<p>Var\u00eda seg\u00fan el dise\u00f1o: los estudios de dosis \u00fanica para privaci\u00f3n de sue\u00f1o usaron entre 0,2 y 0,35 g\/kg, mientras que los estudios de cognici\u00f3n a largo plazo emplearon entre 3 y 20 g\/d\u00eda durante semanas o meses, en l\u00ednea con la dosis de mantenimiento habitual.<\/p>\n<p>Como con cualquier suplemento, en Welfare preferimos contarte la evidencia con sus matices antes que un titular de una sola frase. Si quieres que revisemos c\u00f3mo encaja la creatina &#8212;o cualquier otra ayuda ergog\u00e9nica&#8212; en tu caso concreto, nuestro equipo de <a href=\"https:\/\/welfarecoworking.com\/ca\/entrenador-personal-ganar-musculo\/\">entrenadores y nutricionistas<\/a> est\u00e1 para ayudarte a decidir con criterio, no con moda.<\/p>","protected":false},"excerpt":{"rendered":"<p>\u00bfSirve la creatina para el cerebro? Un ensayo de 2026 mide su efecto en la falta de sue\u00f1o y la memoria. Esto dice la ciencia, sin exagerar.<\/p>","protected":false},"author":4,"featured_media":69209,"comment_status":"open","ping_status":"open","sticky":false,"template":"","format":"standard","meta":{"footnotes":""},"categories":[364,348],"tags":[500,509,358,474,440,402,437],"class_list":["post-69210","post","type-post","status-publish","format-standard","has-post-thumbnail","hentry","category-nutricion","category-training","tag-creatina","tag-memoria","tag-nutricion","tag-salud-cerebral","tag-salud-mental","tag-sueno-y-rendimiento","tag-suplementacion-deportiva"],"yoast_head":"<!-- This site is optimized with the Yoast SEO plugin v25.2 - https:\/\/yoast.com\/wordpress\/plugins\/seo\/ -->\n<title>Creatina y cerebro: qu\u00e9 dice la ciencia en 2026 | Welfare<\/title>\n<meta name=\"description\" content=\"\u00bfSirve la creatina para el cerebro? Un ensayo de 2026 mide su efecto en la falta de sue\u00f1o y la memoria. Esto dice la ciencia, sin exagerar.\" \/>\n<meta name=\"robots\" content=\"index, follow, max-snippet:-1, max-image-preview:large, max-video-preview:-1\" \/>\n<link rel=\"canonical\" href=\"https:\/\/welfarecoworking.com\/ca\/creatina-cerebro-que-dice-la-ciencia\/\" \/>\n<meta property=\"og:locale\" content=\"ca_ES\" \/>\n<meta property=\"og:type\" content=\"article\" \/>\n<meta property=\"og:title\" content=\"Creatina y cerebro: qu\u00e9 dice la ciencia en 2026 sobre memoria, sue\u00f1o y \u00e1nimo\" \/>\n<meta property=\"og:description\" content=\"Un ensayo de 2026 mide el efecto de la creatina en la falta de sue\u00f1o, mientras un metaan\u00e1lisis pisa el freno sobre la depresi\u00f3n. La evidencia completa, con matices.\" \/>\n<meta property=\"og:url\" content=\"https:\/\/welfarecoworking.com\/ca\/creatina-cerebro-que-dice-la-ciencia\/\" \/>\n<meta property=\"og:site_name\" content=\"Welfare\" \/>\n<meta property=\"article:publisher\" content=\"https:\/\/www.facebook.com\/profile.php?id=100064279053927\" \/>\n<meta property=\"article:published_time\" content=\"2026-09-06T07:44:07+00:00\" \/>\n<meta property=\"og:image\" content=\"https:\/\/welfarecoworking.com\/wp-content\/uploads\/2026\/09\/creatina-cerebro-ciencia.png\" \/>\n<meta name=\"author\" content=\"Jehiel\" \/>\n<meta name=\"twitter:card\" content=\"summary_large_image\" \/>\n<meta name=\"twitter:title\" content=\"Creatina y cerebro: qu\u00e9 dice la ciencia en 2026\" \/>\n<meta name=\"twitter:description\" content=\"\u00bfSirve la creatina para el cerebro? Un ensayo de 2026 mide su efecto en la falta de sue\u00f1o y la memoria. Esto dice la ciencia, sin exagerar.\" \/>\n<meta name=\"twitter:image\" content=\"https:\/\/welfarecoworking.com\/wp-content\/uploads\/2026\/09\/creatina-cerebro-ciencia.png\" \/>\n<meta name=\"twitter:label1\" content=\"Escrit per\" \/>\n\t<meta name=\"twitter:data1\" content=\"Jehiel\" \/>\n\t<meta name=\"twitter:label2\" content=\"Temps estimat de lectura\" \/>\n\t<meta name=\"twitter:data2\" content=\"9 minuts\" \/>\n<script type=\"application\/ld+json\" class=\"yoast-schema-graph\">{\"@context\":\"https:\/\/schema.org\",\"@graph\":[{\"@type\":\"Article\",\"@id\":\"https:\/\/welfarecoworking.com\/creatina-cerebro-que-dice-la-ciencia\/#article\",\"isPartOf\":{\"@id\":\"https:\/\/welfarecoworking.com\/creatina-cerebro-que-dice-la-ciencia\/\"},\"author\":{\"name\":\"Jehiel\",\"@id\":\"https:\/\/welfarecoworking.com\/#\/schema\/person\/b369e0258619d219012792911a8ab3b4\"},\"headline\":\"Creatina y cerebro: qu\u00e9 dice la ciencia en 2026 sobre memoria, sue\u00f1o y \u00e1nimo\",\"datePublished\":\"2026-09-06T07:44:07+00:00\",\"mainEntityOfPage\":{\"@id\":\"https:\/\/welfarecoworking.com\/creatina-cerebro-que-dice-la-ciencia\/\"},\"wordCount\":1843,\"commentCount\":0,\"publisher\":{\"@id\":\"https:\/\/welfarecoworking.com\/#organization\"},\"image\":{\"@id\":\"https:\/\/welfarecoworking.com\/creatina-cerebro-que-dice-la-ciencia\/#primaryimage\"},\"thumbnailUrl\":\"https:\/\/welfarecoworking.com\/wp-content\/uploads\/2026\/09\/creatina-cerebro-ciencia.png\",\"keywords\":[\"Creatina\",\"memoria\",\"nutrici\u00f3n\",\"salud cerebral\",\"Salud mental\",\"sue\u00f1o y rendimiento\",\"Suplementaci\u00f3n deportiva\"],\"articleSection\":[\"Nutrici\u00f3n\",\"Training\"],\"inLanguage\":\"ca\",\"potentialAction\":[{\"@type\":\"CommentAction\",\"name\":\"Comment\",\"target\":[\"https:\/\/welfarecoworking.com\/creatina-cerebro-que-dice-la-ciencia\/#respond\"]}]},{\"@type\":\"WebPage\",\"@id\":\"https:\/\/welfarecoworking.com\/creatina-cerebro-que-dice-la-ciencia\/\",\"url\":\"https:\/\/welfarecoworking.com\/creatina-cerebro-que-dice-la-ciencia\/\",\"name\":\"Creatina y cerebro: qu\u00e9 dice la ciencia en 2026 | Welfare\",\"isPartOf\":{\"@id\":\"https:\/\/welfarecoworking.com\/#website\"},\"primaryImageOfPage\":{\"@id\":\"https:\/\/welfarecoworking.com\/creatina-cerebro-que-dice-la-ciencia\/#primaryimage\"},\"image\":{\"@id\":\"https:\/\/welfarecoworking.com\/creatina-cerebro-que-dice-la-ciencia\/#primaryimage\"},\"thumbnailUrl\":\"https:\/\/welfarecoworking.com\/wp-content\/uploads\/2026\/09\/creatina-cerebro-ciencia.png\",\"datePublished\":\"2026-09-06T07:44:07+00:00\",\"description\":\"\u00bfSirve la creatina para el cerebro? Un ensayo de 2026 mide su efecto en la falta de sue\u00f1o y la memoria. Esto dice la ciencia, sin exagerar.\",\"breadcrumb\":{\"@id\":\"https:\/\/welfarecoworking.com\/creatina-cerebro-que-dice-la-ciencia\/#breadcrumb\"},\"inLanguage\":\"ca\",\"potentialAction\":[{\"@type\":\"ReadAction\",\"target\":[\"https:\/\/welfarecoworking.com\/creatina-cerebro-que-dice-la-ciencia\/\"]}]},{\"@type\":\"ImageObject\",\"inLanguage\":\"ca\",\"@id\":\"https:\/\/welfarecoworking.com\/creatina-cerebro-que-dice-la-ciencia\/#primaryimage\",\"url\":\"https:\/\/welfarecoworking.com\/wp-content\/uploads\/2026\/09\/creatina-cerebro-ciencia.png\",\"contentUrl\":\"https:\/\/welfarecoworking.com\/wp-content\/uploads\/2026\/09\/creatina-cerebro-ciencia.png\",\"width\":1500,\"height\":1340,\"caption\":\"Imagen: Blausen.com staff \/ Wikimedia Commons (CC BY 3.0)\"},{\"@type\":\"BreadcrumbList\",\"@id\":\"https:\/\/welfarecoworking.com\/creatina-cerebro-que-dice-la-ciencia\/#breadcrumb\",\"itemListElement\":[{\"@type\":\"ListItem\",\"position\":1,\"name\":\"Portada\",\"item\":\"https:\/\/welfarecoworking.com\/\"},{\"@type\":\"ListItem\",\"position\":2,\"name\":\"Creatina y cerebro: qu\u00e9 dice la ciencia en 2026 sobre memoria, sue\u00f1o y \u00e1nimo\"}]},{\"@type\":\"WebSite\",\"@id\":\"https:\/\/welfarecoworking.com\/#website\",\"url\":\"https:\/\/welfarecoworking.com\/\",\"name\":\"Welfare Coworking\",\"description\":\"Fitness Health Coworking\",\"publisher\":{\"@id\":\"https:\/\/welfarecoworking.com\/#organization\"},\"potentialAction\":[{\"@type\":\"SearchAction\",\"target\":{\"@type\":\"EntryPoint\",\"urlTemplate\":\"https:\/\/welfarecoworking.com\/?s={search_term_string}\"},\"query-input\":{\"@type\":\"PropertyValueSpecification\",\"valueRequired\":true,\"valueName\":\"search_term_string\"}}],\"inLanguage\":\"ca\"},{\"@type\":\"Organization\",\"@id\":\"https:\/\/welfarecoworking.com\/#organization\",\"name\":\"Welfare Coworking\",\"url\":\"https:\/\/welfarecoworking.com\/\",\"logo\":{\"@type\":\"ImageObject\",\"inLanguage\":\"ca\",\"@id\":\"https:\/\/welfarecoworking.com\/#\/schema\/logo\/image\/\",\"url\":\"https:\/\/welfarecoworking.com\/wp-content\/uploads\/2025\/03\/cropped-favicon-1.png\",\"contentUrl\":\"https:\/\/welfarecoworking.com\/wp-content\/uploads\/2025\/03\/cropped-favicon-1.png\",\"width\":93,\"height\":77,\"caption\":\"Welfare Coworking\"},\"image\":{\"@id\":\"https:\/\/welfarecoworking.com\/#\/schema\/logo\/image\/\"},\"sameAs\":[\"https:\/\/www.facebook.com\/profile.php?id=100064279053927\"],\"telephone\":\"+34699686839\",\"email\":\"info@welfarecoworking.com\"},{\"@type\":\"Person\",\"@id\":\"https:\/\/welfarecoworking.com\/#\/schema\/person\/b369e0258619d219012792911a8ab3b4\",\"name\":\"Jehiel\",\"image\":{\"@type\":\"ImageObject\",\"inLanguage\":\"ca\",\"@id\":\"https:\/\/welfarecoworking.com\/#\/schema\/person\/image\/\",\"url\":\"https:\/\/secure.gravatar.com\/avatar\/ab228b07d3eda998ca37211db4adf6f4?s=96&d=mm&r=g\",\"contentUrl\":\"https:\/\/secure.gravatar.com\/avatar\/ab228b07d3eda998ca37211db4adf6f4?s=96&d=mm&r=g\",\"caption\":\"Jehiel\"}}]}<\/script>\n<!-- \/ Yoast SEO plugin. -->","yoast_head_json":{"title":"Creatina y cerebro: qu\u00e9 dice la ciencia en 2026 | Welfare","description":"\u00bfSirve la creatina para el cerebro? Un ensayo de 2026 mide su efecto en la falta de sue\u00f1o y la memoria. Esto dice la ciencia, sin exagerar.","robots":{"index":"index","follow":"follow","max-snippet":"max-snippet:-1","max-image-preview":"max-image-preview:large","max-video-preview":"max-video-preview:-1"},"canonical":"https:\/\/welfarecoworking.com\/ca\/creatina-cerebro-que-dice-la-ciencia\/","og_locale":"ca_ES","og_type":"article","og_title":"Creatina y cerebro: qu\u00e9 dice la ciencia en 2026 sobre memoria, sue\u00f1o y \u00e1nimo","og_description":"Un ensayo de 2026 mide el efecto de la creatina en la falta de sue\u00f1o, mientras un metaan\u00e1lisis pisa el freno sobre la depresi\u00f3n. La evidencia completa, con matices.","og_url":"https:\/\/welfarecoworking.com\/ca\/creatina-cerebro-que-dice-la-ciencia\/","og_site_name":"Welfare","article_publisher":"https:\/\/www.facebook.com\/profile.php?id=100064279053927","article_published_time":"2026-09-06T07:44:07+00:00","og_image":[{"url":"https:\/\/welfarecoworking.com\/wp-content\/uploads\/2026\/09\/creatina-cerebro-ciencia.png","type":"","width":"","height":""}],"author":"Jehiel","twitter_card":"summary_large_image","twitter_title":"Creatina y cerebro: qu\u00e9 dice la ciencia en 2026","twitter_description":"\u00bfSirve la creatina para el cerebro? Un ensayo de 2026 mide su efecto en la falta de sue\u00f1o y la memoria. Esto dice la ciencia, sin exagerar.","twitter_image":"https:\/\/welfarecoworking.com\/wp-content\/uploads\/2026\/09\/creatina-cerebro-ciencia.png","twitter_misc":{"Escrit per":"Jehiel","Temps estimat de lectura":"9 minuts"},"schema":{"@context":"https:\/\/schema.org","@graph":[{"@type":"Article","@id":"https:\/\/welfarecoworking.com\/creatina-cerebro-que-dice-la-ciencia\/#article","isPartOf":{"@id":"https:\/\/welfarecoworking.com\/creatina-cerebro-que-dice-la-ciencia\/"},"author":{"name":"Jehiel","@id":"https:\/\/welfarecoworking.com\/#\/schema\/person\/b369e0258619d219012792911a8ab3b4"},"headline":"Creatina y cerebro: qu\u00e9 dice la ciencia en 2026 sobre memoria, sue\u00f1o y \u00e1nimo","datePublished":"2026-09-06T07:44:07+00:00","mainEntityOfPage":{"@id":"https:\/\/welfarecoworking.com\/creatina-cerebro-que-dice-la-ciencia\/"},"wordCount":1843,"commentCount":0,"publisher":{"@id":"https:\/\/welfarecoworking.com\/#organization"},"image":{"@id":"https:\/\/welfarecoworking.com\/creatina-cerebro-que-dice-la-ciencia\/#primaryimage"},"thumbnailUrl":"https:\/\/welfarecoworking.com\/wp-content\/uploads\/2026\/09\/creatina-cerebro-ciencia.png","keywords":["Creatina","memoria","nutrici\u00f3n","salud cerebral","Salud mental","sue\u00f1o y rendimiento","Suplementaci\u00f3n deportiva"],"articleSection":["Nutrici\u00f3n","Training"],"inLanguage":"ca","potentialAction":[{"@type":"CommentAction","name":"Comment","target":["https:\/\/welfarecoworking.com\/creatina-cerebro-que-dice-la-ciencia\/#respond"]}]},{"@type":"WebPage","@id":"https:\/\/welfarecoworking.com\/creatina-cerebro-que-dice-la-ciencia\/","url":"https:\/\/welfarecoworking.com\/creatina-cerebro-que-dice-la-ciencia\/","name":"Creatina y cerebro: qu\u00e9 dice la ciencia en 2026 | Welfare","isPartOf":{"@id":"https:\/\/welfarecoworking.com\/#website"},"primaryImageOfPage":{"@id":"https:\/\/welfarecoworking.com\/creatina-cerebro-que-dice-la-ciencia\/#primaryimage"},"image":{"@id":"https:\/\/welfarecoworking.com\/creatina-cerebro-que-dice-la-ciencia\/#primaryimage"},"thumbnailUrl":"https:\/\/welfarecoworking.com\/wp-content\/uploads\/2026\/09\/creatina-cerebro-ciencia.png","datePublished":"2026-09-06T07:44:07+00:00","description":"\u00bfSirve la creatina para el cerebro? Un ensayo de 2026 mide su efecto en la falta de sue\u00f1o y la memoria. Esto dice la ciencia, sin exagerar.","breadcrumb":{"@id":"https:\/\/welfarecoworking.com\/creatina-cerebro-que-dice-la-ciencia\/#breadcrumb"},"inLanguage":"ca","potentialAction":[{"@type":"ReadAction","target":["https:\/\/welfarecoworking.com\/creatina-cerebro-que-dice-la-ciencia\/"]}]},{"@type":"ImageObject","inLanguage":"ca","@id":"https:\/\/welfarecoworking.com\/creatina-cerebro-que-dice-la-ciencia\/#primaryimage","url":"https:\/\/welfarecoworking.com\/wp-content\/uploads\/2026\/09\/creatina-cerebro-ciencia.png","contentUrl":"https:\/\/welfarecoworking.com\/wp-content\/uploads\/2026\/09\/creatina-cerebro-ciencia.png","width":1500,"height":1340,"caption":"Imagen: Blausen.com staff \/ Wikimedia Commons (CC BY 3.0)"},{"@type":"BreadcrumbList","@id":"https:\/\/welfarecoworking.com\/creatina-cerebro-que-dice-la-ciencia\/#breadcrumb","itemListElement":[{"@type":"ListItem","position":1,"name":"Portada","item":"https:\/\/welfarecoworking.com\/"},{"@type":"ListItem","position":2,"name":"Creatina y cerebro: qu\u00e9 dice la ciencia en 2026 sobre memoria, sue\u00f1o y \u00e1nimo"}]},{"@type":"WebSite","@id":"https:\/\/welfarecoworking.com\/#website","url":"https:\/\/welfarecoworking.com\/","name":"Welfare Coworking","description":"Fitness Health Coworking","publisher":{"@id":"https:\/\/welfarecoworking.com\/#organization"},"potentialAction":[{"@type":"SearchAction","target":{"@type":"EntryPoint","urlTemplate":"https:\/\/welfarecoworking.com\/?s={search_term_string}"},"query-input":{"@type":"PropertyValueSpecification","valueRequired":true,"valueName":"search_term_string"}}],"inLanguage":"ca"},{"@type":"Organization","@id":"https:\/\/welfarecoworking.com\/#organization","name":"Welfare Coworking","url":"https:\/\/welfarecoworking.com\/","logo":{"@type":"ImageObject","inLanguage":"ca","@id":"https:\/\/welfarecoworking.com\/#\/schema\/logo\/image\/","url":"https:\/\/welfarecoworking.com\/wp-content\/uploads\/2025\/03\/cropped-favicon-1.png","contentUrl":"https:\/\/welfarecoworking.com\/wp-content\/uploads\/2025\/03\/cropped-favicon-1.png","width":93,"height":77,"caption":"Welfare Coworking"},"image":{"@id":"https:\/\/welfarecoworking.com\/#\/schema\/logo\/image\/"},"sameAs":["https:\/\/www.facebook.com\/profile.php?id=100064279053927"],"telephone":"+34699686839","email":"info@welfarecoworking.com"},{"@type":"Person","@id":"https:\/\/welfarecoworking.com\/#\/schema\/person\/b369e0258619d219012792911a8ab3b4","name":"Jehiel","image":{"@type":"ImageObject","inLanguage":"ca","@id":"https:\/\/welfarecoworking.com\/#\/schema\/person\/image\/","url":"https:\/\/secure.gravatar.com\/avatar\/ab228b07d3eda998ca37211db4adf6f4?s=96&d=mm&r=g","contentUrl":"https:\/\/secure.gravatar.com\/avatar\/ab228b07d3eda998ca37211db4adf6f4?s=96&d=mm&r=g","caption":"Jehiel"}}]}},"_links":{"self":[{"href":"https:\/\/welfarecoworking.com\/ca\/wp-json\/wp\/v2\/posts\/69210","targetHints":{"allow":["GET"]}}],"collection":[{"href":"https:\/\/welfarecoworking.com\/ca\/wp-json\/wp\/v2\/posts"}],"about":[{"href":"https:\/\/welfarecoworking.com\/ca\/wp-json\/wp\/v2\/types\/post"}],"author":[{"embeddable":true,"href":"https:\/\/welfarecoworking.com\/ca\/wp-json\/wp\/v2\/users\/4"}],"replies":[{"embeddable":true,"href":"https:\/\/welfarecoworking.com\/ca\/wp-json\/wp\/v2\/comments?post=69210"}],"version-history":[{"count":1,"href":"https:\/\/welfarecoworking.com\/ca\/wp-json\/wp\/v2\/posts\/69210\/revisions"}],"predecessor-version":[{"id":69211,"href":"https:\/\/welfarecoworking.com\/ca\/wp-json\/wp\/v2\/posts\/69210\/revisions\/69211"}],"wp:featuredmedia":[{"embeddable":true,"href":"https:\/\/welfarecoworking.com\/ca\/wp-json\/wp\/v2\/media\/69209"}],"wp:attachment":[{"href":"https:\/\/welfarecoworking.com\/ca\/wp-json\/wp\/v2\/media?parent=69210"}],"wp:term":[{"taxonomy":"category","embeddable":true,"href":"https:\/\/welfarecoworking.com\/ca\/wp-json\/wp\/v2\/categories?post=69210"},{"taxonomy":"post_tag","embeddable":true,"href":"https:\/\/welfarecoworking.com\/ca\/wp-json\/wp\/v2\/tags?post=69210"}],"curies":[{"name":"wp","href":"https:\/\/api.w.org\/{rel}","templated":true}]}}